{"id":850,"date":"2016-08-06T12:38:00","date_gmt":"2016-08-06T10:38:00","guid":{"rendered":"https:\/\/explora-sicilia.com\/fr\/?p=850"},"modified":"2023-02-17T10:50:59","modified_gmt":"2023-02-17T09:50:59","slug":"le-depart-du-29-aout-sur-le-santa-barbara-est-garanti","status":"publish","type":"post","link":"https:\/\/www.explora-sicilia.com\/fr\/le-depart-du-29-aout-sur-le-santa-barbara-est-garanti\/","title":{"rendered":"Le d\u00e9part du 29 ao\u00fbt sur le Santa Barbara est garanti"},"content":{"rendered":"\n<p>Avant la rentr\u00e9e, le plein de soleil sur les Iles \u00c9oliennes en Sicile.<\/p>\n\n\n\n<p>Nous avons encore des places sur le d\u00e9part du 29 ao\u00fbt au 5 septembre pour passer 8 jours \u00e0 bord d\u2019une embarcation de 20m. Une semaine sur l\u2019eau faite de baignades mais aussi de randonn\u00e9es sur les volcans. Chacune des 5 \u00eeles qui sont visit\u00e9es pr\u00e9sente des charmes bien particuliers.<\/p>\n\n\n\n<p>Les champs de fumerolles au bord du crat\u00e8re de la Fossa de Vulcano vous r\u00e9servent la surprise d\u2019un d\u00e9cor infernal au milieu d\u2019un paysage paradisiaque. Mais surtout Stromboli allie la beaut\u00e9 de ses petites maisons blanches regroup\u00e9es au bas d\u2019un majestueux c\u00f4ne \u00e0 un spectacle nocturne \u00e0 couper le souffle : des gerbes de lave s\u2019\u00e9lancent vers le ciel dans un grand fracas.<\/p>\n\n\n\n<p>Pour connaitre toutes les dates et les prix de la saison:<\/p>\n\n\n\n<figure class=\"wp-block-embed\"><div class=\"wp-block-embed__wrapper\">\nhttps:\/\/explora-sicilia.com\/fr\/voyages\/en-sicile\/la-grande-odyssee-santa-barbara\/\n<\/div><\/figure>\n\n\n\n<figure class=\"wp-block-gallery has-nested-images columns-3 is-cropped wp-block-gallery-1 is-layout-flex wp-block-gallery-is-layout-flex\">\n<figure class=\"wp-block-image size-large\"><img loading=\"lazy\" decoding=\"async\" width=\"1024\" height=\"694\" data-id=\"4237\" src=\"https:\/\/storage1334.cdn-immedia.net\/wp-content\/uploads\/2015\/08\/Santa-Barbara3-1024x694.jpeg\" alt=\"\" class=\"wp-image-4237\" srcset=\"https:\/\/storage1334.cdn-immedia.net\/wp-content\/uploads\/2015\/08\/Santa-Barbara3-1024x694.jpeg 1024w, https:\/\/storage1334.cdn-immedia.net\/wp-content\/uploads\/2015\/08\/Santa-Barbara3-300x203.jpeg 300w, https:\/\/storage1334.cdn-immedia.net\/wp-content\/uploads\/2015\/08\/Santa-Barbara3-768x520.jpeg 768w, https:\/\/storage1334.cdn-immedia.net\/wp-content\/uploads\/2015\/08\/Santa-Barbara3-1536x1041.jpeg 1536w, https:\/\/storage1334.cdn-immedia.net\/wp-content\/uploads\/2015\/08\/Santa-Barbara3.jpeg 1920w\" sizes=\"auto, (max-width: 1024px) 100vw, 1024px\" \/><\/figure>\n\n\n\n<figure class=\"wp-block-image size-large\"><img loading=\"lazy\" decoding=\"async\" width=\"1024\" height=\"694\" data-id=\"4231\" src=\"https:\/\/storage1334.cdn-immedia.net\/wp-content\/uploads\/2015\/08\/Salina-11-1024x694.jpeg\" alt=\"\" class=\"wp-image-4231\" srcset=\"https:\/\/storage1334.cdn-immedia.net\/wp-content\/uploads\/2015\/08\/Salina-11-1024x694.jpeg 1024w, https:\/\/storage1334.cdn-immedia.net\/wp-content\/uploads\/2015\/08\/Salina-11-300x203.jpeg 300w, https:\/\/storage1334.cdn-immedia.net\/wp-content\/uploads\/2015\/08\/Salina-11-768x521.jpeg 768w, https:\/\/storage1334.cdn-immedia.net\/wp-content\/uploads\/2015\/08\/Salina-11.jpeg 1358w\" sizes=\"auto, (max-width: 1024px) 100vw, 1024px\" \/><\/figure>\n\n\n\n<figure class=\"wp-block-image size-large\"><img loading=\"lazy\" decoding=\"async\" width=\"1024\" height=\"694\" data-id=\"4243\" src=\"https:\/\/storage1334.cdn-immedia.net\/wp-content\/uploads\/2015\/08\/Stromboli-31-1024x694.jpeg\" alt=\"\" class=\"wp-image-4243\" srcset=\"https:\/\/storage1334.cdn-immedia.net\/wp-content\/uploads\/2015\/08\/Stromboli-31-1024x694.jpeg 1024w, https:\/\/storage1334.cdn-immedia.net\/wp-content\/uploads\/2015\/08\/Stromboli-31-300x203.jpeg 300w, https:\/\/storage1334.cdn-immedia.net\/wp-content\/uploads\/2015\/08\/Stromboli-31-768x520.jpeg 768w, https:\/\/storage1334.cdn-immedia.net\/wp-content\/uploads\/2015\/08\/Stromboli-31-1536x1041.jpeg 1536w, https:\/\/storage1334.cdn-immedia.net\/wp-content\/uploads\/2015\/08\/Stromboli-31.jpeg 1920w\" sizes=\"auto, (max-width: 1024px) 100vw, 1024px\" \/><\/figure>\n\n\n\n<figure class=\"wp-block-image size-large\"><img loading=\"lazy\" decoding=\"async\" width=\"1024\" height=\"694\" data-id=\"4234\" src=\"https:\/\/storage1334.cdn-immedia.net\/wp-content\/uploads\/2015\/08\/Salina-17-1024x694.jpeg\" alt=\"\" class=\"wp-image-4234\" srcset=\"https:\/\/storage1334.cdn-immedia.net\/wp-content\/uploads\/2015\/08\/Salina-17-1024x694.jpeg 1024w, https:\/\/storage1334.cdn-immedia.net\/wp-content\/uploads\/2015\/08\/Salina-17-300x203.jpeg 300w, https:\/\/storage1334.cdn-immedia.net\/wp-content\/uploads\/2015\/08\/Salina-17-768x521.jpeg 768w, https:\/\/storage1334.cdn-immedia.net\/wp-content\/uploads\/2015\/08\/Salina-17.jpeg 1358w\" sizes=\"auto, (max-width: 1024px) 100vw, 1024px\" \/><\/figure>\n\n\n\n<figure class=\"wp-block-image size-large\"><img loading=\"lazy\" decoding=\"async\" width=\"1024\" height=\"694\" data-id=\"4249\" src=\"https:\/\/storage1334.cdn-immedia.net\/wp-content\/uploads\/2015\/08\/Vulcano21-1024x694.jpeg\" alt=\"\" class=\"wp-image-4249\" srcset=\"https:\/\/storage1334.cdn-immedia.net\/wp-content\/uploads\/2015\/08\/Vulcano21-1024x694.jpeg 1024w, https:\/\/storage1334.cdn-immedia.net\/wp-content\/uploads\/2015\/08\/Vulcano21-300x203.jpeg 300w, https:\/\/storage1334.cdn-immedia.net\/wp-content\/uploads\/2015\/08\/Vulcano21-768x520.jpeg 768w, https:\/\/storage1334.cdn-immedia.net\/wp-content\/uploads\/2015\/08\/Vulcano21-1536x1041.jpeg 1536w, https:\/\/storage1334.cdn-immedia.net\/wp-content\/uploads\/2015\/08\/Vulcano21.jpeg 1920w\" sizes=\"auto, (max-width: 1024px) 100vw, 1024px\" \/><\/figure>\n\n\n\n<figure class=\"wp-block-image size-large\"><img loading=\"lazy\" decoding=\"async\" width=\"1024\" height=\"695\" data-id=\"4246\" src=\"https:\/\/storage1334.cdn-immedia.net\/wp-content\/uploads\/2015\/08\/Stromboli-37-e1438678555910-1024x695.jpeg\" alt=\"\" class=\"wp-image-4246\" srcset=\"https:\/\/storage1334.cdn-immedia.net\/wp-content\/uploads\/2015\/08\/Stromboli-37-e1438678555910-1024x695.jpeg 1024w, https:\/\/storage1334.cdn-immedia.net\/wp-content\/uploads\/2015\/08\/Stromboli-37-e1438678555910-300x204.jpeg 300w, https:\/\/storage1334.cdn-immedia.net\/wp-content\/uploads\/2015\/08\/Stromboli-37-e1438678555910-768x521.jpeg 768w, https:\/\/storage1334.cdn-immedia.net\/wp-content\/uploads\/2015\/08\/Stromboli-37-e1438678555910-1536x1042.jpeg 1536w, https:\/\/storage1334.cdn-immedia.net\/wp-content\/uploads\/2015\/08\/Stromboli-37-e1438678555910.jpeg 1920w\" sizes=\"auto, (max-width: 1024px) 100vw, 1024px\" \/><\/figure>\n<\/figure>\n","protected":false},"excerpt":{"rendered":"<p>Avant la rentr\u00e9e, le plein de soleil sur les Iles [&hellip;]<\/p>\n","protected":false},"author":1,"featured_media":4237,"comment_status":"open","ping_status":"open","sticky":false,"template":"","format":"standard","meta":{"_acf_changed":false,"footnotes":""},"categories":[1],"tags":[35,69,38,70,46,78,47,79,80,49,81],"class_list":["post-850","post","type-post","status-publish","format-standard","has-post-thumbnail","hentry","category-a-la-une","tag-cabotage","tag-sejours-dymaniques","tag-stromboli","tag-vacances-sportives","tag-croisiere","tag-departs-garantis","tag-randobateau","tag-relax-et-decouverte","tag-sejours-accompagnes","tag-vacances","tag-volcans-actifs"],"acf":[],"yoast_head":"<!-- This site is optimized with the Yoast SEO plugin v27.5 - https:\/\/yoast.com\/product\/yoast-seo-wordpress\/ -->\n<title>Le d\u00e9part du 29 ao\u00fbt sur le Santa Barbara est garanti - Explora Sicilia Natura &amp; Sport<\/title>\n<meta name=\"description\" content=\"Lisez &quot;Le d\u00e9part du 29 ao\u00fbt sur le Santa Barbara est garanti&quot; dans la section \u00e9ditoriale d&#039;Explora Sicilia !\" \/>\n<meta name=\"robots\" content=\"index, follow, max-snippet:-1, max-image-preview:large, max-video-preview:-1\" \/>\n<link rel=\"canonical\" href=\"https:\/\/www.explora-sicilia.com\/fr\/le-depart-du-29-aout-sur-le-santa-barbara-est-garanti\/\" \/>\n<meta property=\"og:locale\" content=\"fr_FR\" \/>\n<meta property=\"og:type\" content=\"article\" \/>\n<meta property=\"og:title\" content=\"Le d\u00e9part du 29 ao\u00fbt sur le Santa Barbara est garanti - Explora Sicilia Natura &amp; Sport\" \/>\n<meta property=\"og:description\" content=\"Lisez &quot;Le d\u00e9part du 29 ao\u00fbt sur le Santa Barbara est garanti&quot; dans la section \u00e9ditoriale d&#039;Explora Sicilia !\" \/>\n<meta property=\"og:url\" content=\"https:\/\/www.explora-sicilia.com\/fr\/le-depart-du-29-aout-sur-le-santa-barbara-est-garanti\/\" \/>\n<meta property=\"og:site_name\" content=\"Explora Sicilia Natura &amp; Sport\" \/>\n<meta property=\"article:published_time\" content=\"2016-08-06T10:38:00+00:00\" \/>\n<meta property=\"article:modified_time\" content=\"2023-02-17T09:50:59+00:00\" \/>\n<meta property=\"og:image\" content=\"https:\/\/storage1334.cdn-immedia.net\/wp-content\/uploads\/2015\/08\/Santa-Barbara3.jpeg\" \/>\n\t<meta property=\"og:image:width\" content=\"1920\" \/>\n\t<meta property=\"og:image:height\" content=\"1301\" \/>\n\t<meta property=\"og:image:type\" content=\"image\/jpeg\" \/>\n<meta name=\"author\" content=\"explora-sicilia-com\" \/>\n<meta name=\"twitter:card\" content=\"summary_large_image\" \/>\n<meta name=\"twitter:label1\" content=\"\u00c9crit par\" \/>\n\t<meta name=\"twitter:data1\" content=\"explora-sicilia-com\" \/>\n\t<meta name=\"twitter:label2\" content=\"Dur\u00e9e de lecture estim\u00e9e\" \/>\n\t<meta name=\"twitter:data2\" content=\"2 minutes\" \/>\n<script type=\"application\/ld+json\" class=\"yoast-schema-graph\">{\"@context\":\"https:\\\/\\\/schema.org\",\"@graph\":[{\"@type\":\"Article\",\"@id\":\"https:\\\/\\\/www.explora-sicilia.com\\\/fr\\\/le-depart-du-29-aout-sur-le-santa-barbara-est-garanti\\\/#article\",\"isPartOf\":{\"@id\":\"https:\\\/\\\/www.explora-sicilia.com\\\/fr\\\/le-depart-du-29-aout-sur-le-santa-barbara-est-garanti\\\/\"},\"author\":{\"name\":\"explora-sicilia-com\",\"@id\":\"https:\\\/\\\/www.explora-sicilia.com\\\/fr\\\/#\\\/schema\\\/person\\\/071ed86d89755f8bc0ef00f9caaab015\"},\"headline\":\"Le d\u00e9part du 29 ao\u00fbt sur le Santa Barbara est garanti\",\"datePublished\":\"2016-08-06T10:38:00+00:00\",\"dateModified\":\"2023-02-17T09:50:59+00:00\",\"mainEntityOfPage\":{\"@id\":\"https:\\\/\\\/www.explora-sicilia.com\\\/fr\\\/le-depart-du-29-aout-sur-le-santa-barbara-est-garanti\\\/\"},\"wordCount\":165,\"commentCount\":0,\"image\":{\"@id\":\"https:\\\/\\\/www.explora-sicilia.com\\\/fr\\\/le-depart-du-29-aout-sur-le-santa-barbara-est-garanti\\\/#primaryimage\"},\"thumbnailUrl\":\"https:\\\/\\\/www.explora-sicilia.com\\\/wp-content\\\/uploads\\\/2015\\\/08\\\/Santa-Barbara3.jpeg\",\"keywords\":[\"cabotage\",\"S\u00e9jours dymaniques\",\"Stromboli\",\"Vacances sportives\",\"croisi\u00e8re\",\"d\u00e9parts garantis\",\"randobateau\",\"relax et d\u00e9couverte\",\"s\u00e9jours accompagn\u00e9s\",\"vacances\",\"volcans actifs\"],\"articleSection\":[\"\u00c0 la une\"],\"inLanguage\":\"fr-FR\"},{\"@type\":\"WebPage\",\"@id\":\"https:\\\/\\\/www.explora-sicilia.com\\\/fr\\\/le-depart-du-29-aout-sur-le-santa-barbara-est-garanti\\\/\",\"url\":\"https:\\\/\\\/www.explora-sicilia.com\\\/fr\\\/le-depart-du-29-aout-sur-le-santa-barbara-est-garanti\\\/\",\"name\":\"Le d\u00e9part du 29 ao\u00fbt sur le Santa Barbara est garanti - Explora Sicilia Natura &amp; Sport\",\"isPartOf\":{\"@id\":\"https:\\\/\\\/www.explora-sicilia.com\\\/fr\\\/#website\"},\"primaryImageOfPage\":{\"@id\":\"https:\\\/\\\/www.explora-sicilia.com\\\/fr\\\/le-depart-du-29-aout-sur-le-santa-barbara-est-garanti\\\/#primaryimage\"},\"image\":{\"@id\":\"https:\\\/\\\/www.explora-sicilia.com\\\/fr\\\/le-depart-du-29-aout-sur-le-santa-barbara-est-garanti\\\/#primaryimage\"},\"thumbnailUrl\":\"https:\\\/\\\/www.explora-sicilia.com\\\/wp-content\\\/uploads\\\/2015\\\/08\\\/Santa-Barbara3.jpeg\",\"datePublished\":\"2016-08-06T10:38:00+00:00\",\"dateModified\":\"2023-02-17T09:50:59+00:00\",\"author\":{\"@id\":\"https:\\\/\\\/www.explora-sicilia.com\\\/fr\\\/#\\\/schema\\\/person\\\/071ed86d89755f8bc0ef00f9caaab015\"},\"description\":\"Lisez \\\"Le d\u00e9part du 29 ao\u00fbt sur le Santa Barbara est garanti\\\" dans la section \u00e9ditoriale d'Explora Sicilia !\",\"breadcrumb\":{\"@id\":\"https:\\\/\\\/www.explora-sicilia.com\\\/fr\\\/le-depart-du-29-aout-sur-le-santa-barbara-est-garanti\\\/#breadcrumb\"},\"inLanguage\":\"fr-FR\",\"potentialAction\":[{\"@type\":\"ReadAction\",\"target\":[\"https:\\\/\\\/www.explora-sicilia.com\\\/fr\\\/le-depart-du-29-aout-sur-le-santa-barbara-est-garanti\\\/\"]}]},{\"@type\":\"ImageObject\",\"inLanguage\":\"fr-FR\",\"@id\":\"https:\\\/\\\/www.explora-sicilia.com\\\/fr\\\/le-depart-du-29-aout-sur-le-santa-barbara-est-garanti\\\/#primaryimage\",\"url\":\"https:\\\/\\\/www.explora-sicilia.com\\\/wp-content\\\/uploads\\\/2015\\\/08\\\/Santa-Barbara3.jpeg\",\"contentUrl\":\"https:\\\/\\\/www.explora-sicilia.com\\\/wp-content\\\/uploads\\\/2015\\\/08\\\/Santa-Barbara3.jpeg\",\"width\":1920,\"height\":1301},{\"@type\":\"BreadcrumbList\",\"@id\":\"https:\\\/\\\/www.explora-sicilia.com\\\/fr\\\/le-depart-du-29-aout-sur-le-santa-barbara-est-garanti\\\/#breadcrumb\",\"itemListElement\":[{\"@type\":\"ListItem\",\"position\":1,\"name\":\"Home\",\"item\":\"https:\\\/\\\/www.explora-sicilia.com\\\/fr\\\/\"},{\"@type\":\"ListItem\",\"position\":2,\"name\":\"&nbsp;\"}]},{\"@type\":\"WebSite\",\"@id\":\"https:\\\/\\\/www.explora-sicilia.com\\\/fr\\\/#website\",\"url\":\"https:\\\/\\\/www.explora-sicilia.com\\\/fr\\\/\",\"name\":\"Explora Sicilia Natura &amp; Sport\",\"description\":\"\",\"potentialAction\":[{\"@type\":\"SearchAction\",\"target\":{\"@type\":\"EntryPoint\",\"urlTemplate\":\"https:\\\/\\\/www.explora-sicilia.com\\\/fr\\\/?s={search_term_string}\"},\"query-input\":{\"@type\":\"PropertyValueSpecification\",\"valueRequired\":true,\"valueName\":\"search_term_string\"}}],\"inLanguage\":\"fr-FR\"},{\"@type\":\"Person\",\"@id\":\"https:\\\/\\\/www.explora-sicilia.com\\\/fr\\\/#\\\/schema\\\/person\\\/071ed86d89755f8bc0ef00f9caaab015\",\"name\":\"explora-sicilia-com\",\"sameAs\":[\"https:\\\/\\\/www.explora-sicilia.com\"],\"url\":\"https:\\\/\\\/www.explora-sicilia.com\\\/fr\\\/author\\\/explora-sicilia-com\\\/\"}]}<\/script>\n<!-- \/ Yoast SEO plugin. -->","yoast_head_json":{"title":"Le d\u00e9part du 29 ao\u00fbt sur le Santa Barbara est garanti - Explora Sicilia Natura &amp; Sport","description":"Lisez \"Le d\u00e9part du 29 ao\u00fbt sur le Santa Barbara est garanti\" dans la section \u00e9ditoriale d'Explora Sicilia !","robots":{"index":"index","follow":"follow","max-snippet":"max-snippet:-1","max-image-preview":"max-image-preview:large","max-video-preview":"max-video-preview:-1"},"canonical":"https:\/\/www.explora-sicilia.com\/fr\/le-depart-du-29-aout-sur-le-santa-barbara-est-garanti\/","og_locale":"fr_FR","og_type":"article","og_title":"Le d\u00e9part du 29 ao\u00fbt sur le Santa Barbara est garanti - Explora Sicilia Natura &amp; Sport","og_description":"Lisez \"Le d\u00e9part du 29 ao\u00fbt sur le Santa Barbara est garanti\" dans la section \u00e9ditoriale d'Explora Sicilia !","og_url":"https:\/\/www.explora-sicilia.com\/fr\/le-depart-du-29-aout-sur-le-santa-barbara-est-garanti\/","og_site_name":"Explora Sicilia Natura &amp; Sport","article_published_time":"2016-08-06T10:38:00+00:00","article_modified_time":"2023-02-17T09:50:59+00:00","og_image":[{"width":1920,"height":1301,"url":"https:\/\/storage1334.cdn-immedia.net\/wp-content\/uploads\/2015\/08\/Santa-Barbara3.jpeg","type":"image\/jpeg"}],"author":"explora-sicilia-com","twitter_card":"summary_large_image","twitter_misc":{"\u00c9crit par":"explora-sicilia-com","Dur\u00e9e de lecture estim\u00e9e":"2 minutes"},"schema":{"@context":"https:\/\/schema.org","@graph":[{"@type":"Article","@id":"https:\/\/www.explora-sicilia.com\/fr\/le-depart-du-29-aout-sur-le-santa-barbara-est-garanti\/#article","isPartOf":{"@id":"https:\/\/www.explora-sicilia.com\/fr\/le-depart-du-29-aout-sur-le-santa-barbara-est-garanti\/"},"author":{"name":"explora-sicilia-com","@id":"https:\/\/www.explora-sicilia.com\/fr\/#\/schema\/person\/071ed86d89755f8bc0ef00f9caaab015"},"headline":"Le d\u00e9part du 29 ao\u00fbt sur le Santa Barbara est garanti","datePublished":"2016-08-06T10:38:00+00:00","dateModified":"2023-02-17T09:50:59+00:00","mainEntityOfPage":{"@id":"https:\/\/www.explora-sicilia.com\/fr\/le-depart-du-29-aout-sur-le-santa-barbara-est-garanti\/"},"wordCount":165,"commentCount":0,"image":{"@id":"https:\/\/www.explora-sicilia.com\/fr\/le-depart-du-29-aout-sur-le-santa-barbara-est-garanti\/#primaryimage"},"thumbnailUrl":"https:\/\/storage1334.cdn-immedia.net\/wp-content\/uploads\/2015\/08\/Santa-Barbara3.jpeg","keywords":["cabotage","S\u00e9jours dymaniques","Stromboli","Vacances sportives","croisi\u00e8re","d\u00e9parts garantis","randobateau","relax et d\u00e9couverte","s\u00e9jours accompagn\u00e9s","vacances","volcans actifs"],"articleSection":["\u00c0 la une"],"inLanguage":"fr-FR"},{"@type":"WebPage","@id":"https:\/\/www.explora-sicilia.com\/fr\/le-depart-du-29-aout-sur-le-santa-barbara-est-garanti\/","url":"https:\/\/www.explora-sicilia.com\/fr\/le-depart-du-29-aout-sur-le-santa-barbara-est-garanti\/","name":"Le d\u00e9part du 29 ao\u00fbt sur le Santa Barbara est garanti - Explora Sicilia Natura &amp; Sport","isPartOf":{"@id":"https:\/\/www.explora-sicilia.com\/fr\/#website"},"primaryImageOfPage":{"@id":"https:\/\/www.explora-sicilia.com\/fr\/le-depart-du-29-aout-sur-le-santa-barbara-est-garanti\/#primaryimage"},"image":{"@id":"https:\/\/www.explora-sicilia.com\/fr\/le-depart-du-29-aout-sur-le-santa-barbara-est-garanti\/#primaryimage"},"thumbnailUrl":"https:\/\/storage1334.cdn-immedia.net\/wp-content\/uploads\/2015\/08\/Santa-Barbara3.jpeg","datePublished":"2016-08-06T10:38:00+00:00","dateModified":"2023-02-17T09:50:59+00:00","author":{"@id":"https:\/\/www.explora-sicilia.com\/fr\/#\/schema\/person\/071ed86d89755f8bc0ef00f9caaab015"},"description":"Lisez \"Le d\u00e9part du 29 ao\u00fbt sur le Santa Barbara est garanti\" dans la section \u00e9ditoriale d'Explora Sicilia !","breadcrumb":{"@id":"https:\/\/www.explora-sicilia.com\/fr\/le-depart-du-29-aout-sur-le-santa-barbara-est-garanti\/#breadcrumb"},"inLanguage":"fr-FR","potentialAction":[{"@type":"ReadAction","target":["https:\/\/www.explora-sicilia.com\/fr\/le-depart-du-29-aout-sur-le-santa-barbara-est-garanti\/"]}]},{"@type":"ImageObject","inLanguage":"fr-FR","@id":"https:\/\/www.explora-sicilia.com\/fr\/le-depart-du-29-aout-sur-le-santa-barbara-est-garanti\/#primaryimage","url":"https:\/\/storage1334.cdn-immedia.net\/wp-content\/uploads\/2015\/08\/Santa-Barbara3.jpeg","contentUrl":"https:\/\/storage1334.cdn-immedia.net\/wp-content\/uploads\/2015\/08\/Santa-Barbara3.jpeg","width":1920,"height":1301},{"@type":"BreadcrumbList","@id":"https:\/\/www.explora-sicilia.com\/fr\/le-depart-du-29-aout-sur-le-santa-barbara-est-garanti\/#breadcrumb","itemListElement":[{"@type":"ListItem","position":1,"name":"Home","item":"https:\/\/www.explora-sicilia.com\/fr\/"},{"@type":"ListItem","position":2,"name":"&nbsp;"}]},{"@type":"WebSite","@id":"https:\/\/www.explora-sicilia.com\/fr\/#website","url":"https:\/\/www.explora-sicilia.com\/fr\/","name":"Explora Sicilia Natura &amp; Sport","description":"","potentialAction":[{"@type":"SearchAction","target":{"@type":"EntryPoint","urlTemplate":"https:\/\/www.explora-sicilia.com\/fr\/?s={search_term_string}"},"query-input":{"@type":"PropertyValueSpecification","valueRequired":true,"valueName":"search_term_string"}}],"inLanguage":"fr-FR"},{"@type":"Person","@id":"https:\/\/www.explora-sicilia.com\/fr\/#\/schema\/person\/071ed86d89755f8bc0ef00f9caaab015","name":"explora-sicilia-com","sameAs":["https:\/\/www.explora-sicilia.com"],"url":"https:\/\/www.explora-sicilia.com\/fr\/author\/explora-sicilia-com\/"}]}},"_links":{"self":[{"href":"https:\/\/www.explora-sicilia.com\/fr\/wp-json\/wp\/v2\/posts\/850","targetHints":{"allow":["GET"]}}],"collection":[{"href":"https:\/\/www.explora-sicilia.com\/fr\/wp-json\/wp\/v2\/posts"}],"about":[{"href":"https:\/\/www.explora-sicilia.com\/fr\/wp-json\/wp\/v2\/types\/post"}],"author":[{"embeddable":true,"href":"https:\/\/www.explora-sicilia.com\/fr\/wp-json\/wp\/v2\/users\/1"}],"replies":[{"embeddable":true,"href":"https:\/\/www.explora-sicilia.com\/fr\/wp-json\/wp\/v2\/comments?post=850"}],"version-history":[{"count":2,"href":"https:\/\/www.explora-sicilia.com\/fr\/wp-json\/wp\/v2\/posts\/850\/revisions"}],"predecessor-version":[{"id":4252,"href":"https:\/\/www.explora-sicilia.com\/fr\/wp-json\/wp\/v2\/posts\/850\/revisions\/4252"}],"wp:featuredmedia":[{"embeddable":true,"href":"https:\/\/www.explora-sicilia.com\/fr\/wp-json\/wp\/v2\/media\/4237"}],"wp:attachment":[{"href":"https:\/\/www.explora-sicilia.com\/fr\/wp-json\/wp\/v2\/media?parent=850"}],"wp:term":[{"taxonomy":"category","embeddable":true,"href":"https:\/\/www.explora-sicilia.com\/fr\/wp-json\/wp\/v2\/categories?post=850"},{"taxonomy":"post_tag","embeddable":true,"href":"https:\/\/www.explora-sicilia.com\/fr\/wp-json\/wp\/v2\/tags?post=850"}],"curies":[{"name":"wp","href":"https:\/\/api.w.org\/{rel}","templated":true}]}}