{"id":769,"date":"2015-05-14T10:59:36","date_gmt":"2015-05-14T10:59:36","guid":{"rendered":"https:\/\/explora-sicilia.com\/fr\/?p=769"},"modified":"2023-02-16T17:54:39","modified_gmt":"2023-02-16T16:54:39","slug":"etna-quelques-images-de-la-derniere-activite","status":"publish","type":"post","link":"https:\/\/www.explora-sicilia.com\/fr\/etna-quelques-images-de-la-derniere-activite\/","title":{"rendered":"Etna &#8211; quelques images de la derni\u00e8re activit\u00e9."},"content":{"rendered":"\n<p>Depuis le mois de f\u00e9vrier l\u2019activit\u00e9 \u00e0 l&rsquo;Etna s\u2019\u00e9tait presque totalement arr\u00eat\u00e9e. Cette pause, dur\u00e9e presque 4 mois et interrompue seulement le 13 avril pendant 3 minutes, avec 2 explosions de cendre \u00e0 l\u2019int\u00e9rieure de la Bocca nuova, est enfin termin\u00e9e! Le sommet de l&rsquo;Etna retrouve le rouge. Voici quelques images de ce que l\u2019on peut voir voir sur place.<\/p>\n\n\n\n<!-- SPACER -->\n<\/div>\n<div   class=\"spacer m-margin bg-white \">\n    &nbsp;<\/div>\n<div class=\"cms-content\">\n<!-- \/\/ SPACER -->\n\n\n\n<figure class=\"wp-block-gallery has-nested-images columns-default is-cropped wp-block-gallery-1 is-layout-flex wp-block-gallery-is-layout-flex\">\n<figure class=\"wp-block-image size-large\"><img loading=\"lazy\" decoding=\"async\" width=\"1024\" height=\"694\" data-id=\"4168\" src=\"https:\/\/storage1334.cdn-immedia.net\/wp-content\/uploads\/2023\/02\/Eruzione-Etna-maggio-2015-Daniele-Pennisi-2-1024x694-1.jpeg\" alt=\"\" class=\"wp-image-4168\" srcset=\"https:\/\/storage1334.cdn-immedia.net\/wp-content\/uploads\/2023\/02\/Eruzione-Etna-maggio-2015-Daniele-Pennisi-2-1024x694-1.jpeg 1024w, https:\/\/storage1334.cdn-immedia.net\/wp-content\/uploads\/2023\/02\/Eruzione-Etna-maggio-2015-Daniele-Pennisi-2-1024x694-1-300x203.jpeg 300w, https:\/\/storage1334.cdn-immedia.net\/wp-content\/uploads\/2023\/02\/Eruzione-Etna-maggio-2015-Daniele-Pennisi-2-1024x694-1-768x521.jpeg 768w\" sizes=\"auto, (max-width: 1024px) 100vw, 1024px\" \/><\/figure>\n\n\n\n<figure class=\"wp-block-image size-large\"><img loading=\"lazy\" decoding=\"async\" width=\"960\" height=\"639\" data-id=\"4171\" src=\"https:\/\/storage1334.cdn-immedia.net\/wp-content\/uploads\/2023\/02\/Eruzione-Etna-maggio-2015-Daniele-Pennisi-1.jpeg\" alt=\"\" class=\"wp-image-4171\" srcset=\"https:\/\/storage1334.cdn-immedia.net\/wp-content\/uploads\/2023\/02\/Eruzione-Etna-maggio-2015-Daniele-Pennisi-1.jpeg 960w, https:\/\/storage1334.cdn-immedia.net\/wp-content\/uploads\/2023\/02\/Eruzione-Etna-maggio-2015-Daniele-Pennisi-1-300x200.jpeg 300w, https:\/\/storage1334.cdn-immedia.net\/wp-content\/uploads\/2023\/02\/Eruzione-Etna-maggio-2015-Daniele-Pennisi-1-768x511.jpeg 768w\" sizes=\"auto, (max-width: 960px) 100vw, 960px\" \/><\/figure>\n\n\n\n<figure class=\"wp-block-image size-large\"><img loading=\"lazy\" decoding=\"async\" width=\"1024\" height=\"694\" data-id=\"4177\" src=\"https:\/\/storage1334.cdn-immedia.net\/wp-content\/uploads\/2023\/02\/Eruzione-Etna-maggio-2015-Giuseppe-Di-Stefano-1024x694-1.jpeg\" alt=\"\" class=\"wp-image-4177\" srcset=\"https:\/\/storage1334.cdn-immedia.net\/wp-content\/uploads\/2023\/02\/Eruzione-Etna-maggio-2015-Giuseppe-Di-Stefano-1024x694-1.jpeg 1024w, https:\/\/storage1334.cdn-immedia.net\/wp-content\/uploads\/2023\/02\/Eruzione-Etna-maggio-2015-Giuseppe-Di-Stefano-1024x694-1-300x203.jpeg 300w, https:\/\/storage1334.cdn-immedia.net\/wp-content\/uploads\/2023\/02\/Eruzione-Etna-maggio-2015-Giuseppe-Di-Stefano-1024x694-1-768x521.jpeg 768w\" sizes=\"auto, (max-width: 1024px) 100vw, 1024px\" \/><\/figure>\n\n\n\n<figure class=\"wp-block-image size-large\"><img loading=\"lazy\" decoding=\"async\" width=\"1024\" height=\"683\" data-id=\"4174\" src=\"https:\/\/storage1334.cdn-immedia.net\/wp-content\/uploads\/2023\/02\/Eruzione-Etna-maggio-2015-Marco-Tomasello-1024x683-1.jpeg\" alt=\"\" class=\"wp-image-4174\" srcset=\"https:\/\/storage1334.cdn-immedia.net\/wp-content\/uploads\/2023\/02\/Eruzione-Etna-maggio-2015-Marco-Tomasello-1024x683-1.jpeg 1024w, https:\/\/storage1334.cdn-immedia.net\/wp-content\/uploads\/2023\/02\/Eruzione-Etna-maggio-2015-Marco-Tomasello-1024x683-1-300x200.jpeg 300w, https:\/\/storage1334.cdn-immedia.net\/wp-content\/uploads\/2023\/02\/Eruzione-Etna-maggio-2015-Marco-Tomasello-1024x683-1-768x512.jpeg 768w\" sizes=\"auto, (max-width: 1024px) 100vw, 1024px\" \/><\/figure>\n<\/figure>\n","protected":false},"excerpt":{"rendered":"<p>Depuis le mois de f\u00e9vrier l\u2019activit\u00e9 \u00e0 l&rsquo;Etna s\u2019\u00e9tait presque [&hellip;]<\/p>\n","protected":false},"author":1,"featured_media":3960,"comment_status":"open","ping_status":"open","sticky":false,"template":"","format":"standard","meta":{"_acf_changed":false,"footnotes":""},"categories":[1],"tags":[39,29,30,62,31,63,32,64,33],"class_list":["post-769","post","type-post","status-publish","format-standard","has-post-thumbnail","hentry","category-a-la-une","tag-volcans","tag-activite-volcanique","tag-eruption","tag-coulee-de-lave","tag-etna","tag-eruption-2015","tag-volcan","tag-cratere","tag-volcanologie"],"acf":[],"yoast_head":"<!-- This site is optimized with the Yoast SEO plugin v27.5 - https:\/\/yoast.com\/product\/yoast-seo-wordpress\/ -->\n<title>Etna - quelques images de la derni\u00e8re activit\u00e9. - Explora Sicilia Natura &amp; Sport<\/title>\n<meta name=\"description\" content=\"Lisez &quot;Etna - quelques images de la derni\u00e8re activit\u00e9.&quot; dans la section \u00e9ditoriale d&#039;Explora Sicilia !\" \/>\n<meta name=\"robots\" content=\"index, follow, max-snippet:-1, max-image-preview:large, max-video-preview:-1\" \/>\n<link rel=\"canonical\" href=\"https:\/\/www.explora-sicilia.com\/fr\/etna-quelques-images-de-la-derniere-activite\/\" \/>\n<meta property=\"og:locale\" content=\"fr_FR\" \/>\n<meta property=\"og:type\" content=\"article\" \/>\n<meta property=\"og:title\" content=\"Etna - quelques images de la derni\u00e8re activit\u00e9. - Explora Sicilia Natura &amp; Sport\" \/>\n<meta property=\"og:description\" content=\"Lisez &quot;Etna - quelques images de la derni\u00e8re activit\u00e9.&quot; dans la section \u00e9ditoriale d&#039;Explora Sicilia !\" \/>\n<meta property=\"og:url\" content=\"https:\/\/www.explora-sicilia.com\/fr\/etna-quelques-images-de-la-derniere-activite\/\" \/>\n<meta property=\"og:site_name\" content=\"Explora Sicilia Natura &amp; Sport\" \/>\n<meta property=\"article:published_time\" content=\"2015-05-14T10:59:36+00:00\" \/>\n<meta property=\"article:modified_time\" content=\"2023-02-16T16:54:39+00:00\" \/>\n<meta property=\"og:image\" content=\"https:\/\/storage1334.cdn-immedia.net\/wp-content\/uploads\/2023\/02\/Etna-sud1101-1-scaled.jpeg\" \/>\n\t<meta property=\"og:image:width\" content=\"2560\" \/>\n\t<meta property=\"og:image:height\" content=\"1736\" \/>\n\t<meta property=\"og:image:type\" content=\"image\/jpeg\" \/>\n<meta name=\"author\" content=\"explora-sicilia-com\" \/>\n<meta name=\"twitter:card\" content=\"summary_large_image\" \/>\n<meta name=\"twitter:label1\" content=\"\u00c9crit par\" \/>\n\t<meta name=\"twitter:data1\" content=\"explora-sicilia-com\" \/>\n\t<meta name=\"twitter:label2\" content=\"Dur\u00e9e de lecture estim\u00e9e\" \/>\n\t<meta name=\"twitter:data2\" content=\"2 minutes\" \/>\n<script type=\"application\/ld+json\" class=\"yoast-schema-graph\">{\"@context\":\"https:\\\/\\\/schema.org\",\"@graph\":[{\"@type\":\"Article\",\"@id\":\"https:\\\/\\\/www.explora-sicilia.com\\\/fr\\\/etna-quelques-images-de-la-derniere-activite\\\/#article\",\"isPartOf\":{\"@id\":\"https:\\\/\\\/www.explora-sicilia.com\\\/fr\\\/etna-quelques-images-de-la-derniere-activite\\\/\"},\"author\":{\"name\":\"explora-sicilia-com\",\"@id\":\"https:\\\/\\\/www.explora-sicilia.com\\\/fr\\\/#\\\/schema\\\/person\\\/071ed86d89755f8bc0ef00f9caaab015\"},\"headline\":\"Etna &#8211; quelques images de la derni\u00e8re activit\u00e9.\",\"datePublished\":\"2015-05-14T10:59:36+00:00\",\"dateModified\":\"2023-02-16T16:54:39+00:00\",\"mainEntityOfPage\":{\"@id\":\"https:\\\/\\\/www.explora-sicilia.com\\\/fr\\\/etna-quelques-images-de-la-derniere-activite\\\/\"},\"wordCount\":75,\"commentCount\":0,\"image\":{\"@id\":\"https:\\\/\\\/www.explora-sicilia.com\\\/fr\\\/etna-quelques-images-de-la-derniere-activite\\\/#primaryimage\"},\"thumbnailUrl\":\"https:\\\/\\\/www.explora-sicilia.com\\\/wp-content\\\/uploads\\\/2023\\\/02\\\/Etna-sud1101-1-scaled.jpeg\",\"keywords\":[\"volcans\",\"activit\u00e9 volcanique\",\"\u00e9ruption\",\"coul\u00e9e de lave\",\"Etna\",\"\u00e9ruption 2015\",\"volcan\",\"crat\u00e8re\",\"volcanologie\"],\"articleSection\":[\"\u00c0 la une\"],\"inLanguage\":\"fr-FR\"},{\"@type\":\"WebPage\",\"@id\":\"https:\\\/\\\/www.explora-sicilia.com\\\/fr\\\/etna-quelques-images-de-la-derniere-activite\\\/\",\"url\":\"https:\\\/\\\/www.explora-sicilia.com\\\/fr\\\/etna-quelques-images-de-la-derniere-activite\\\/\",\"name\":\"Etna - quelques images de la derni\u00e8re activit\u00e9. - Explora Sicilia Natura &amp; Sport\",\"isPartOf\":{\"@id\":\"https:\\\/\\\/www.explora-sicilia.com\\\/fr\\\/#website\"},\"primaryImageOfPage\":{\"@id\":\"https:\\\/\\\/www.explora-sicilia.com\\\/fr\\\/etna-quelques-images-de-la-derniere-activite\\\/#primaryimage\"},\"image\":{\"@id\":\"https:\\\/\\\/www.explora-sicilia.com\\\/fr\\\/etna-quelques-images-de-la-derniere-activite\\\/#primaryimage\"},\"thumbnailUrl\":\"https:\\\/\\\/www.explora-sicilia.com\\\/wp-content\\\/uploads\\\/2023\\\/02\\\/Etna-sud1101-1-scaled.jpeg\",\"datePublished\":\"2015-05-14T10:59:36+00:00\",\"dateModified\":\"2023-02-16T16:54:39+00:00\",\"author\":{\"@id\":\"https:\\\/\\\/www.explora-sicilia.com\\\/fr\\\/#\\\/schema\\\/person\\\/071ed86d89755f8bc0ef00f9caaab015\"},\"description\":\"Lisez \\\"Etna - quelques images de la derni\u00e8re activit\u00e9.\\\" dans la section \u00e9ditoriale d'Explora Sicilia !\",\"breadcrumb\":{\"@id\":\"https:\\\/\\\/www.explora-sicilia.com\\\/fr\\\/etna-quelques-images-de-la-derniere-activite\\\/#breadcrumb\"},\"inLanguage\":\"fr-FR\",\"potentialAction\":[{\"@type\":\"ReadAction\",\"target\":[\"https:\\\/\\\/www.explora-sicilia.com\\\/fr\\\/etna-quelques-images-de-la-derniere-activite\\\/\"]}]},{\"@type\":\"ImageObject\",\"inLanguage\":\"fr-FR\",\"@id\":\"https:\\\/\\\/www.explora-sicilia.com\\\/fr\\\/etna-quelques-images-de-la-derniere-activite\\\/#primaryimage\",\"url\":\"https:\\\/\\\/www.explora-sicilia.com\\\/wp-content\\\/uploads\\\/2023\\\/02\\\/Etna-sud1101-1-scaled.jpeg\",\"contentUrl\":\"https:\\\/\\\/www.explora-sicilia.com\\\/wp-content\\\/uploads\\\/2023\\\/02\\\/Etna-sud1101-1-scaled.jpeg\",\"width\":2560,\"height\":1736},{\"@type\":\"BreadcrumbList\",\"@id\":\"https:\\\/\\\/www.explora-sicilia.com\\\/fr\\\/etna-quelques-images-de-la-derniere-activite\\\/#breadcrumb\",\"itemListElement\":[{\"@type\":\"ListItem\",\"position\":1,\"name\":\"Home\",\"item\":\"https:\\\/\\\/www.explora-sicilia.com\\\/fr\\\/\"},{\"@type\":\"ListItem\",\"position\":2,\"name\":\"&nbsp;\"}]},{\"@type\":\"WebSite\",\"@id\":\"https:\\\/\\\/www.explora-sicilia.com\\\/fr\\\/#website\",\"url\":\"https:\\\/\\\/www.explora-sicilia.com\\\/fr\\\/\",\"name\":\"Explora Sicilia Natura &amp; Sport\",\"description\":\"\",\"potentialAction\":[{\"@type\":\"SearchAction\",\"target\":{\"@type\":\"EntryPoint\",\"urlTemplate\":\"https:\\\/\\\/www.explora-sicilia.com\\\/fr\\\/?s={search_term_string}\"},\"query-input\":{\"@type\":\"PropertyValueSpecification\",\"valueRequired\":true,\"valueName\":\"search_term_string\"}}],\"inLanguage\":\"fr-FR\"},{\"@type\":\"Person\",\"@id\":\"https:\\\/\\\/www.explora-sicilia.com\\\/fr\\\/#\\\/schema\\\/person\\\/071ed86d89755f8bc0ef00f9caaab015\",\"name\":\"explora-sicilia-com\",\"sameAs\":[\"https:\\\/\\\/www.explora-sicilia.com\"],\"url\":\"https:\\\/\\\/www.explora-sicilia.com\\\/fr\\\/author\\\/explora-sicilia-com\\\/\"}]}<\/script>\n<!-- \/ Yoast SEO plugin. -->","yoast_head_json":{"title":"Etna - quelques images de la derni\u00e8re activit\u00e9. - Explora Sicilia Natura &amp; Sport","description":"Lisez \"Etna - quelques images de la derni\u00e8re activit\u00e9.\" dans la section \u00e9ditoriale d'Explora Sicilia !","robots":{"index":"index","follow":"follow","max-snippet":"max-snippet:-1","max-image-preview":"max-image-preview:large","max-video-preview":"max-video-preview:-1"},"canonical":"https:\/\/www.explora-sicilia.com\/fr\/etna-quelques-images-de-la-derniere-activite\/","og_locale":"fr_FR","og_type":"article","og_title":"Etna - quelques images de la derni\u00e8re activit\u00e9. - Explora Sicilia Natura &amp; Sport","og_description":"Lisez \"Etna - quelques images de la derni\u00e8re activit\u00e9.\" dans la section \u00e9ditoriale d'Explora Sicilia !","og_url":"https:\/\/www.explora-sicilia.com\/fr\/etna-quelques-images-de-la-derniere-activite\/","og_site_name":"Explora Sicilia Natura &amp; Sport","article_published_time":"2015-05-14T10:59:36+00:00","article_modified_time":"2023-02-16T16:54:39+00:00","og_image":[{"width":2560,"height":1736,"url":"https:\/\/storage1334.cdn-immedia.net\/wp-content\/uploads\/2023\/02\/Etna-sud1101-1-scaled.jpeg","type":"image\/jpeg"}],"author":"explora-sicilia-com","twitter_card":"summary_large_image","twitter_misc":{"\u00c9crit par":"explora-sicilia-com","Dur\u00e9e de lecture estim\u00e9e":"2 minutes"},"schema":{"@context":"https:\/\/schema.org","@graph":[{"@type":"Article","@id":"https:\/\/www.explora-sicilia.com\/fr\/etna-quelques-images-de-la-derniere-activite\/#article","isPartOf":{"@id":"https:\/\/www.explora-sicilia.com\/fr\/etna-quelques-images-de-la-derniere-activite\/"},"author":{"name":"explora-sicilia-com","@id":"https:\/\/www.explora-sicilia.com\/fr\/#\/schema\/person\/071ed86d89755f8bc0ef00f9caaab015"},"headline":"Etna &#8211; quelques images de la derni\u00e8re activit\u00e9.","datePublished":"2015-05-14T10:59:36+00:00","dateModified":"2023-02-16T16:54:39+00:00","mainEntityOfPage":{"@id":"https:\/\/www.explora-sicilia.com\/fr\/etna-quelques-images-de-la-derniere-activite\/"},"wordCount":75,"commentCount":0,"image":{"@id":"https:\/\/www.explora-sicilia.com\/fr\/etna-quelques-images-de-la-derniere-activite\/#primaryimage"},"thumbnailUrl":"https:\/\/storage1334.cdn-immedia.net\/wp-content\/uploads\/2023\/02\/Etna-sud1101-1-scaled.jpeg","keywords":["volcans","activit\u00e9 volcanique","\u00e9ruption","coul\u00e9e de lave","Etna","\u00e9ruption 2015","volcan","crat\u00e8re","volcanologie"],"articleSection":["\u00c0 la une"],"inLanguage":"fr-FR"},{"@type":"WebPage","@id":"https:\/\/www.explora-sicilia.com\/fr\/etna-quelques-images-de-la-derniere-activite\/","url":"https:\/\/www.explora-sicilia.com\/fr\/etna-quelques-images-de-la-derniere-activite\/","name":"Etna - quelques images de la derni\u00e8re activit\u00e9. - Explora Sicilia Natura &amp; Sport","isPartOf":{"@id":"https:\/\/www.explora-sicilia.com\/fr\/#website"},"primaryImageOfPage":{"@id":"https:\/\/www.explora-sicilia.com\/fr\/etna-quelques-images-de-la-derniere-activite\/#primaryimage"},"image":{"@id":"https:\/\/www.explora-sicilia.com\/fr\/etna-quelques-images-de-la-derniere-activite\/#primaryimage"},"thumbnailUrl":"https:\/\/storage1334.cdn-immedia.net\/wp-content\/uploads\/2023\/02\/Etna-sud1101-1-scaled.jpeg","datePublished":"2015-05-14T10:59:36+00:00","dateModified":"2023-02-16T16:54:39+00:00","author":{"@id":"https:\/\/www.explora-sicilia.com\/fr\/#\/schema\/person\/071ed86d89755f8bc0ef00f9caaab015"},"description":"Lisez \"Etna - quelques images de la derni\u00e8re activit\u00e9.\" dans la section \u00e9ditoriale d'Explora Sicilia !","breadcrumb":{"@id":"https:\/\/www.explora-sicilia.com\/fr\/etna-quelques-images-de-la-derniere-activite\/#breadcrumb"},"inLanguage":"fr-FR","potentialAction":[{"@type":"ReadAction","target":["https:\/\/www.explora-sicilia.com\/fr\/etna-quelques-images-de-la-derniere-activite\/"]}]},{"@type":"ImageObject","inLanguage":"fr-FR","@id":"https:\/\/www.explora-sicilia.com\/fr\/etna-quelques-images-de-la-derniere-activite\/#primaryimage","url":"https:\/\/storage1334.cdn-immedia.net\/wp-content\/uploads\/2023\/02\/Etna-sud1101-1-scaled.jpeg","contentUrl":"https:\/\/storage1334.cdn-immedia.net\/wp-content\/uploads\/2023\/02\/Etna-sud1101-1-scaled.jpeg","width":2560,"height":1736},{"@type":"BreadcrumbList","@id":"https:\/\/www.explora-sicilia.com\/fr\/etna-quelques-images-de-la-derniere-activite\/#breadcrumb","itemListElement":[{"@type":"ListItem","position":1,"name":"Home","item":"https:\/\/www.explora-sicilia.com\/fr\/"},{"@type":"ListItem","position":2,"name":"&nbsp;"}]},{"@type":"WebSite","@id":"https:\/\/www.explora-sicilia.com\/fr\/#website","url":"https:\/\/www.explora-sicilia.com\/fr\/","name":"Explora Sicilia Natura &amp; Sport","description":"","potentialAction":[{"@type":"SearchAction","target":{"@type":"EntryPoint","urlTemplate":"https:\/\/www.explora-sicilia.com\/fr\/?s={search_term_string}"},"query-input":{"@type":"PropertyValueSpecification","valueRequired":true,"valueName":"search_term_string"}}],"inLanguage":"fr-FR"},{"@type":"Person","@id":"https:\/\/www.explora-sicilia.com\/fr\/#\/schema\/person\/071ed86d89755f8bc0ef00f9caaab015","name":"explora-sicilia-com","sameAs":["https:\/\/www.explora-sicilia.com"],"url":"https:\/\/www.explora-sicilia.com\/fr\/author\/explora-sicilia-com\/"}]}},"_links":{"self":[{"href":"https:\/\/www.explora-sicilia.com\/fr\/wp-json\/wp\/v2\/posts\/769","targetHints":{"allow":["GET"]}}],"collection":[{"href":"https:\/\/www.explora-sicilia.com\/fr\/wp-json\/wp\/v2\/posts"}],"about":[{"href":"https:\/\/www.explora-sicilia.com\/fr\/wp-json\/wp\/v2\/types\/post"}],"author":[{"embeddable":true,"href":"https:\/\/www.explora-sicilia.com\/fr\/wp-json\/wp\/v2\/users\/1"}],"replies":[{"embeddable":true,"href":"https:\/\/www.explora-sicilia.com\/fr\/wp-json\/wp\/v2\/comments?post=769"}],"version-history":[{"count":5,"href":"https:\/\/www.explora-sicilia.com\/fr\/wp-json\/wp\/v2\/posts\/769\/revisions"}],"predecessor-version":[{"id":4182,"href":"https:\/\/www.explora-sicilia.com\/fr\/wp-json\/wp\/v2\/posts\/769\/revisions\/4182"}],"wp:featuredmedia":[{"embeddable":true,"href":"https:\/\/www.explora-sicilia.com\/fr\/wp-json\/wp\/v2\/media\/3960"}],"wp:attachment":[{"href":"https:\/\/www.explora-sicilia.com\/fr\/wp-json\/wp\/v2\/media?parent=769"}],"wp:term":[{"taxonomy":"category","embeddable":true,"href":"https:\/\/www.explora-sicilia.com\/fr\/wp-json\/wp\/v2\/categories?post=769"},{"taxonomy":"post_tag","embeddable":true,"href":"https:\/\/www.explora-sicilia.com\/fr\/wp-json\/wp\/v2\/tags?post=769"}],"curies":[{"name":"wp","href":"https:\/\/api.w.org\/{rel}","templated":true}]}}